{"id":12532,"date":"2021-08-17T12:24:38","date_gmt":"2021-08-17T17:24:38","guid":{"rendered":"https:\/\/kevernacular.com\/?p=12532"},"modified":"2021-08-18T15:33:14","modified_gmt":"2021-08-18T20:33:14","slug":"stan-getz-part-two-looking-and-listening-closer-at-the-girl-who-transformed-jazz-styles-and-captivated-the-whole-world","status":"publish","type":"post","link":"https:\/\/kevernacular.com\/?p=12532","title":{"rendered":"Stan Getz, Part Two: Getting closer to &#8220;The Girl&#8221; who transformed jazz styles, and captivated the whole world"},"content":{"rendered":"<div class=\"fcbkbttn_buttons_block\" id=\"fcbkbttn_left\"><div class=\"fcbkbttn_button\">\n\t\t\t\t\t<a href=\"https:\/\/www.facebook.com\/Kevin Lynch\" target=\"_blank\">\n\t\t\t\t\t\t<img decoding=\"async\" src=\"https:\/\/kevernacular.com\/wp-content\/plugins\/facebook-button-plugin\/images\/large-facebook-ico.png\" alt=\"Fb-Button\" \/>\n\t\t\t\t\t<\/a>\n\t\t\t\t<\/div><div class=\"fcbkbttn_like fcbkbttn_large_button\"><fb:like href=\"https:\/\/kevernacular.com\/?p=12532\" action=\"like\" colorscheme=\"light\" layout=\"button_count\"  size=\"large\"><\/fb:like><\/div><div class=\"fb-share-button fcbkbttn_large_button \" data-href=\"https:\/\/kevernacular.com\/?p=12532\" data-type=\"button_count\" data-size=\"large\"><\/div><\/div><p><span class=\"embed-youtube\" style=\"text-align:center; display: block;\"><iframe loading=\"lazy\" class=\"youtube-player\" width=\"584\" height=\"329\" src=\"https:\/\/www.youtube.com\/embed\/sVdaFQhS86E?version=3&#038;rel=1&#038;showsearch=0&#038;showinfo=1&#038;iv_load_policy=1&#038;fs=1&#038;hl=en-US&#038;autohide=2&#038;wmode=transparent\" allowfullscreen=\"true\" style=\"border:0;\" sandbox=\"allow-scripts allow-same-origin allow-popups allow-presentation allow-popups-to-escape-sandbox\"><\/iframe><\/span><\/p>\n<p>Ah, <em>bossa nova<\/em>! If you remember, it&#8217;s the sound of a southerly summer. It&#8217;s jazz with a deep, dark tan, and warm wind rippling through its hair.<\/p>\n<p>So this post (delayed offline by storm issues for a week) rises from an exchange between myself and WXRW-FM &#8220;Artful Lives&#8221; radio program Elizabeth Vogt. This prompted me to seach out a video of Astrud Gilberto singing the huge early 1960&#8217;s hit\u00a0 &#8220;The Girl from Ipanema&#8221; with Stan Getz, not included in my previous post about Getz.\u00a0 Here it is.<\/p>\n<p>This is the &#8220;single&#8221; version of &#8220;Girl,&#8221; with Getz and his quartet, including a very young Gary Burton on vibes. This version is iconic, the key to a 2 million copy-selling album, the biggest hit album in jazz history at the time.<\/p>\n<p>It&#8217;s interesting to note that, despite her vocal skill and charm, Astrud was not a professional singer, and you can see that in how she has no idea what to do with her hands. In fact, the recording of &#8220;Girl&#8221; was her recording debut. a stroke of producer genius!<\/p>\n<p>Just for fun, here&#8217;s a rather sultry cartoon version of the single (sorry about the ad):<\/p>\n<p><span class=\"embed-youtube\" style=\"text-align:center; display: block;\"><iframe loading=\"lazy\" class=\"youtube-player\" width=\"584\" height=\"329\" src=\"https:\/\/www.youtube.com\/embed\/s61-e29Vr6Q?version=3&#038;rel=1&#038;showsearch=0&#038;showinfo=1&#038;iv_load_policy=1&#038;fs=1&#038;hl=en-US&#038;autohide=2&#038;wmode=transparent\" allowfullscreen=\"true\" style=\"border:0;\" sandbox=\"allow-scripts allow-same-origin allow-popups allow-presentation allow-popups-to-escape-sandbox\"><\/iframe><\/span><\/p>\n<p><em>Courtesy Walt Disney studios.<\/em><\/p>\n<p>However, the greatest version of the song is the full-length original on the album, which opens with Joao Gilberto (Astrud&#8217;s husband) singing the first verse in Portuguese, with exquisitely tender poignance, as the boy in Ipanema whom &#8220;she just doesn&#8217;t see.&#8221; Here&#8217;s that recording from the extraordinary album <em>Getz\/Gilberto<\/em>.<\/p>\n<p>On the original single heard here, the piano playing, and piquant solo, is by the song&#8217;s composer, Antonio Carlos Jobim, the greatest Brazilian jazz composer.\u00a0 \u00a0<a title=\"Vinicius de Moraes\" href=\"https:\/\/en.wikipedia.org\/wiki\/Vinicius_de_Moraes\">Vin\u00edcius de Moraes<\/a>.wrote the Portuguese lyrics. English lyrics were written later by <a title=\"Norman Gimbel\" href=\"https:\/\/en.wikipedia.org\/wiki\/Norman_Gimbel\">Norman Gimbel.<\/a><\/p>\n<p><span class=\"embed-youtube\" style=\"text-align:center; display: block;\"><iframe loading=\"lazy\" class=\"youtube-player\" width=\"584\" height=\"329\" src=\"https:\/\/www.youtube.com\/embed\/Nim7Xs41UJo?version=3&#038;rel=1&#038;showsearch=0&#038;showinfo=1&#038;iv_load_policy=1&#038;fs=1&#038;hl=en-US&#038;autohide=2&#038;wmode=transparent\" allowfullscreen=\"true\" style=\"border:0;\" sandbox=\"allow-scripts allow-same-origin allow-popups allow-presentation allow-popups-to-escape-sandbox\"><\/iframe><\/span><\/p>\n<p>Here&#8217;s the fascinating backstory on the song, including the woman who inspired it.<\/p>\n<p><a title=\"Ipanema\" href=\"https:\/\/en.wikipedia.org\/wiki\/Ipanema\">Ipanema<\/a>\u00a0is a fashionable neighborhood located in the southern region of the city of\u00a0<a title=\"Rio de Janeiro\" href=\"https:\/\/en.wikipedia.org\/wiki\/Rio_de_Janeiro\">Rio de Janeiro<\/a>.<\/p>\n<div class=\"thumb tright\">\n<div class=\"thumbinner\">\n<p><a class=\"image\" href=\"https:\/\/en.wikipedia.org\/wiki\/File:Helo_Pinheiro.jpg\"><img loading=\"lazy\" decoding=\"async\" class=\"thumbimage\" src=\"https:\/\/upload.wikimedia.org\/wikipedia\/commons\/thumb\/e\/ea\/Helo_Pinheiro.jpg\/150px-Helo_Pinheiro.jpg\" srcset=\"\/\/upload.wikimedia.org\/wikipedia\/commons\/thumb\/e\/ea\/Helo_Pinheiro.jpg\/225px-Helo_Pinheiro.jpg 1.5x, \/\/upload.wikimedia.org\/wikipedia\/commons\/thumb\/e\/ea\/Helo_Pinheiro.jpg\/300px-Helo_Pinheiro.jpg 2x\" alt=\"\" width=\"150\" height=\"264\" data-file-width=\"325\" data-file-height=\"572\" \/><\/a><\/p>\n<div class=\"thumbcaption\">\n<div class=\"magnify\"><\/div>\n<p><a title=\"Helo\u00edsa Pinheiro\" href=\"https:\/\/en.wikipedia.org\/wiki\/Helo%C3%ADsa_Pinheiro\">Hel\u00f4 Pinheiro<\/a>, the woman who inspired the song, is pictured in 2006.<\/p>\n<\/div>\n<\/div>\n<\/div>\n<p>&#8220;The Girl from Ipanema&#8221; was inspired by <a title=\"Helo\u00edsa Pinheiro\" href=\"https:\/\/en.wikipedia.org\/wiki\/Helo%C3%ADsa_Pinheiro\">Helo\u00edsa Eneida Menezes Paes Pinto<\/a>\u00a0(now known as Hel\u00f4 Pinheiro), a seventeen-year-old girl living on Montenegro Street in Ipanema.<sup id=\"cite_ref-12\" class=\"reference\"><a href=\"https:\/\/en.wikipedia.org\/wiki\/The_Girl_from_Ipanema#cite_note-12\">[12]<\/a><\/sup>\u00a0Daily, she would stroll past the Veloso bar-caf\u00e9, not just to the beach (&#8220;each day when she walks to the sea&#8221;), but in the everyday course of her life. She would sometimes enter the bar to buy cigarettes for her mother and leave to the sound of\u00a0<a title=\"Wolf-whistling\" href=\"https:\/\/en.wikipedia.org\/wiki\/Wolf-whistling\">wolf whistles<\/a>.<sup id=\"cite_ref-13\" class=\"reference\"><a href=\"https:\/\/en.wikipedia.org\/wiki\/The_Girl_from_Ipanema#cite_note-13\">[13]<\/a><\/sup>\u00a0In the winter of 1962, the composers saw the girl pass by the bar. Since the song became popular, she has become a celebrity.<\/p>\n<p>In\u00a0<i>Revela\u00e7\u00e3o: a verdadeira Gar\u00f4ta de Ipanema<\/i>\u00a0(&#8220;<i>Revealed: The Real Girl from Ipanema<\/i>&#8220;) Moraes wrote that she was &#8220;the paradigm of the young\u00a0<a title=\"Carioca\" href=\"https:\/\/en.wikipedia.org\/wiki\/Carioca\">Carioca<\/a>: a golden teenage girl, a mixture of flower and mermaid, full of light and grace, the sight of whom is also sad, in that she carries with her, on her route to the sea, the feeling of youth that fades, of the beauty that is not ours alone\u2014it is a gift of life in its beautiful and melancholic constant ebb and flow.&#8221; &#8211; Wikipedia<\/p>\n<p>&nbsp;<\/p>\n<p>&nbsp;<\/p>\n<p>&nbsp;<\/p>\n","protected":false},"excerpt":{"rendered":"<p>Ah, bossa nova! If you remember, it&#8217;s the sound of a southerly summer. It&#8217;s jazz with a deep, dark tan, and warm wind rippling through its hair. So this post (delayed offline by storm issues for a week) rises from &hellip; <a href=\"https:\/\/kevernacular.com\/?p=12532\">Continue reading <span class=\"meta-nav\">&rarr;<\/span><\/a><\/p>\n","protected":false},"author":1,"featured_media":0,"comment_status":"open","ping_status":"open","sticky":false,"template":"","format":"standard","meta":{"jetpack_post_was_ever_published":false,"_jetpack_newsletter_access":"","_jetpack_dont_email_post_to_subs":false,"_jetpack_newsletter_tier_id":0,"_jetpack_memberships_contains_paywalled_content":false,"_jetpack_memberships_contains_paid_content":false,"footnotes":""},"categories":[1],"tags":[],"class_list":["post-12532","post","type-post","status-publish","format-standard","hentry","category-www-kevernacular-com"],"jetpack_featured_media_url":"","jetpack_sharing_enabled":true,"jetpack_shortlink":"https:\/\/wp.me\/p2hJWE-3g8","jetpack_likes_enabled":true,"_links":{"self":[{"href":"https:\/\/kevernacular.com\/index.php?rest_route=\/wp\/v2\/posts\/12532","targetHints":{"allow":["GET"]}}],"collection":[{"href":"https:\/\/kevernacular.com\/index.php?rest_route=\/wp\/v2\/posts"}],"about":[{"href":"https:\/\/kevernacular.com\/index.php?rest_route=\/wp\/v2\/types\/post"}],"author":[{"embeddable":true,"href":"https:\/\/kevernacular.com\/index.php?rest_route=\/wp\/v2\/users\/1"}],"replies":[{"embeddable":true,"href":"https:\/\/kevernacular.com\/index.php?rest_route=%2Fwp%2Fv2%2Fcomments&post=12532"}],"version-history":[{"count":7,"href":"https:\/\/kevernacular.com\/index.php?rest_route=\/wp\/v2\/posts\/12532\/revisions"}],"predecessor-version":[{"id":12540,"href":"https:\/\/kevernacular.com\/index.php?rest_route=\/wp\/v2\/posts\/12532\/revisions\/12540"}],"wp:attachment":[{"href":"https:\/\/kevernacular.com\/index.php?rest_route=%2Fwp%2Fv2%2Fmedia&parent=12532"}],"wp:term":[{"taxonomy":"category","embeddable":true,"href":"https:\/\/kevernacular.com\/index.php?rest_route=%2Fwp%2Fv2%2Fcategories&post=12532"},{"taxonomy":"post_tag","embeddable":true,"href":"https:\/\/kevernacular.com\/index.php?rest_route=%2Fwp%2Fv2%2Ftags&post=12532"}],"curies":[{"name":"wp","href":"https:\/\/api.w.org\/{rel}","templated":true}]}}